{"id":369,"date":"2018-09-18T17:45:58","date_gmt":"2018-09-18T15:45:58","guid":{"rendered":"http:\/\/www.bvitourism.fr\/?p=369\/"},"modified":"2018-09-18T17:45:58","modified_gmt":"2018-09-18T15:45:58","slug":"alquileres","status":"publish","type":"post","link":"https:\/\/www.bvitourism.fr\/es\/alquileres\/","title":{"rendered":"ALQUILERES"},"content":{"rendered":"<p>Libertad para moverse a su propio paso<\/p>\n<p>Alquilar un autom\u00f3vil en las BVI le da la libertad para moverse a su propio paso. Los que permanezcan en el territorio menos de 30 d\u00edas no necesitan comprar una licencia de conducir temporera, siempre y cuando tenga una licencia de conducir v\u00e1lida de otro pa\u00eds.<\/p>\n<p>Sin embargo, si su estad\u00eda es m\u00e1s de 30 d\u00edas, necesitar\u00e1 una licencia. Se puede obtener una licencia de conducir temporera de las BVI de la Oficina de Licencias de Tr\u00e1fico o agencias de alquiler de autos, siempre y cuando tenga una licencia de conducir v\u00e1lida de otro pa\u00eds.<\/p>\n<p>Recuerde, usted debe tener por lo menos 25 a\u00f1os de edad para alquilar un auto, y se conduce en el lado izquierdo de la carretera en las BVI.<\/p>\n<h2>ALQUILERES DE AUTOM\u00d3VILES<\/h2>\n<p>Alquilar un autom\u00f3vil en las BVI le da la libertad para moverse a su propio paso. Para recoger un autom\u00f3vil con antelaci\u00f3n, llame a la agencia de alquiler que mejor pueda servir sus necesidades.<\/p>\n","protected":false},"excerpt":{"rendered":"<p>Libertad para moverse a su propio paso Alquilar un autom\u00f3vil en las BVI le da la libertad para moverse a su propio paso. Los que permanezcan en el territorio menos de 30 d\u00edas no necesitan comprar una licencia de conducir&#8230;<\/p>\n","protected":false},"author":1,"featured_media":0,"comment_status":"closed","ping_status":"closed","sticky":false,"template":"","format":"standard","meta":{"footnotes":""},"categories":[15],"tags":[],"class_list":["post-369","post","type-post","status-publish","format-standard","hentry","category-viajes-y-transportacion"],"_aioseop_title":"","_aioseop_description":"","_links":{"self":[{"href":"https:\/\/www.bvitourism.fr\/es\/wp-json\/wp\/v2\/posts\/369","targetHints":{"allow":["GET"]}}],"collection":[{"href":"https:\/\/www.bvitourism.fr\/es\/wp-json\/wp\/v2\/posts"}],"about":[{"href":"https:\/\/www.bvitourism.fr\/es\/wp-json\/wp\/v2\/types\/post"}],"author":[{"embeddable":true,"href":"https:\/\/www.bvitourism.fr\/es\/wp-json\/wp\/v2\/users\/1"}],"replies":[{"embeddable":true,"href":"https:\/\/www.bvitourism.fr\/es\/wp-json\/wp\/v2\/comments?post=369"}],"version-history":[{"count":1,"href":"https:\/\/www.bvitourism.fr\/es\/wp-json\/wp\/v2\/posts\/369\/revisions"}],"predecessor-version":[{"id":370,"href":"https:\/\/www.bvitourism.fr\/es\/wp-json\/wp\/v2\/posts\/369\/revisions\/370"}],"wp:attachment":[{"href":"https:\/\/www.bvitourism.fr\/es\/wp-json\/wp\/v2\/media?parent=369"}],"wp:term":[{"taxonomy":"category","embeddable":true,"href":"https:\/\/www.bvitourism.fr\/es\/wp-json\/wp\/v2\/categories?post=369"},{"taxonomy":"post_tag","embeddable":true,"href":"https:\/\/www.bvitourism.fr\/es\/wp-json\/wp\/v2\/tags?post=369"}],"curies":[{"name":"wp","href":"https:\/\/api.w.org\/{rel}","templated":true}]}}